{"id":1360,"date":"2011-12-06T08:25:48","date_gmt":"2011-12-06T08:25:48","guid":{"rendered":"http:\/\/s.cuforum.pl\/?p=1360"},"modified":"2011-12-06T08:42:45","modified_gmt":"2011-12-06T08:42:45","slug":"wystawa-zdjecia-nieznane","status":"publish","type":"post","link":"https:\/\/s.cuforum.pl\/?p=1360","title":{"rendered":"Wystawa &#8222;Studencki Strajk 1981 &#8211; fotografie nieznane&#8221;"},"content":{"rendered":"<p>W \u00a0CuG-Galeri \u00a0Gara\u017cowej wystawa nietypowa. 13 grudnia w 30 rocznic\u0119 stanu wojennego zostanie otwarta wystawa nieznanych i nigdzie niepublikowanych zdj\u0119\u0107 z czas\u00f3w studenckich strajk\u00f3w w roku 1981. Tym samym organizatorzy chc\u0105 zaznaczy\u0107 ku pami\u0119ci t\u0105 pe\u0142n\u0105, 30 rocznic\u0119 stanu wojennego.<\/p>\n<p><a href=\"https:\/\/s.cuforum.pl\/?attachment_id=1361\" rel=\"attachment wp-att-1361\"><img fetchpriority=\"high\" decoding=\"async\" class=\"alignleft size-full wp-image-1361\" title=\"PLAKAT_xxx\" src=\"https:\/\/s.cuforum.pl\/wp-content\/uploads\/2011\/12\/PLAKAT_xxx-e1323159772258.jpg\" alt=\"\" width=\"512\" height=\"355\" \/><\/a><\/p>\n<p>&nbsp;<\/p>\n<p>&nbsp;<\/p>\n<p>&nbsp;<\/p>\n<p>&nbsp;<\/p>\n<p>&nbsp;<\/p>\n<p>&nbsp;<\/p>\n<p>&nbsp;<\/p>\n<p>&nbsp;<\/p>\n<p>&nbsp;<\/p>\n<p>&nbsp;<\/p>\n<p>&nbsp;<\/p>\n<p>&nbsp;<\/p>\n<p>Wystawa to zbi\u00f3r kilkunastu zdj\u0119\u0107\u00a0 wykonanych g\u0142\u00f3wnie na wydziale Automatyki\u00a0 Politechniki \u015al\u0105skiej podczas studenckich strajk\u00f3w w roku 1981. Wernisa\u017c wystawy odb\u0119dzie si\u0119 13 grudnia o godz. 20:00. Na wernisa\u017cu b\u0119dzie mo\u017cna spotka\u0107 i porozmawia\u0107 z autorem zdj\u0119\u0107. Wystawa potrwa do ko\u0144ca grudnia.<\/p>\n<p>[stextbox id=&#8221;info&#8221;]CuG &#8211; Galeria Gara\u017cowa<br \/>\n<a href=\"http:\/\/maps.google.com\/maps?q=Stowarzyszenie+Forum+Ceramik%C3%B3w,+Pracownia+Rze%C5%BAby+i+Ceramiki,+ul.+Ziemowita+1,+Gliwice,+Polska&amp;hl=pl&amp;ie=UTF8&amp;sll=50.291878,18.665271&amp;sspn=0.009582,0.022724&amp;vpsrc=0&amp;hq=Stowarzyszenie+Forum+Ceramik%C3%B3w,+Pracownia+Rze%C5%BAby+i+Ceramiki,+ul.+Ziemowita+1,&amp;hnear=Gliwice,+%C5%9Bl%C4%85skie,+Polska&amp;t=h&amp;z=16\" target=\"_blank\">44-100 Gliwice, ul. Ziemowita 1<\/a><br \/>\nWi\u0119cej informacji: cugaleria@gmail.com[\/stextbox]<\/p>\n","protected":false},"excerpt":{"rendered":"<p>W \u00a0CuG-Galeri \u00a0Gara\u017cowej wystawa nietypowa. 13 grudnia w 30 rocznic\u0119 stanu wojennego zostanie otwarta wystawa nieznanych i nigdzie niepublikowanych zdj\u0119\u0107 z czas\u00f3w studenckich strajk\u00f3w w roku 1981. Tym samym organizatorzy chc\u0105 zaznaczy\u0107 ku pami\u0119ci t\u0105 pe\u0142n\u0105, 30 rocznic\u0119 stanu wojennego. &nbsp; &nbsp; &nbsp; &nbsp; &nbsp; &nbsp; &nbsp; &nbsp; &nbsp; &nbsp; &nbsp; &nbsp; Wystawa to zbi\u00f3r&#8230;<\/p>\n","protected":false},"author":1,"featured_media":0,"comment_status":"open","ping_status":"open","sticky":false,"template":"","format":"standard","meta":{"_uag_custom_page_level_css":"","_kadence_starter_templates_imported_post":false,"_kad_post_transparent":"","_kad_post_title":"","_kad_post_layout":"","_kad_post_sidebar_id":"","_kad_post_content_style":"","_kad_post_vertical_padding":"","_kad_post_feature":"","_kad_post_feature_position":"","_kad_post_header":false,"_kad_post_footer":false,"_kad_post_classname":"","footnotes":""},"categories":[5],"tags":[],"class_list":["post-1360","post","type-post","status-publish","format-standard","hentry","category-galeria-garazowa-cug"],"uagb_featured_image_src":{"full":false,"thumbnail":false,"medium":false,"medium_large":false,"large":false,"1536x1536":false,"2048x2048":false},"uagb_author_info":{"display_name":"zkm","author_link":"https:\/\/s.cuforum.pl\/?author=1"},"uagb_comment_info":0,"uagb_excerpt":"W \u00a0CuG-Galeri \u00a0Gara\u017cowej wystawa nietypowa. 13 grudnia w 30 rocznic\u0119 stanu wojennego zostanie otwarta wystawa nieznanych i nigdzie niepublikowanych zdj\u0119\u0107 z czas\u00f3w studenckich strajk\u00f3w w roku 1981. Tym samym organizatorzy chc\u0105 zaznaczy\u0107 ku pami\u0119ci t\u0105 pe\u0142n\u0105, 30 rocznic\u0119 stanu wojennego. &nbsp; &nbsp; &nbsp; &nbsp; &nbsp; &nbsp; &nbsp; &nbsp; &nbsp; &nbsp; &nbsp; &nbsp; Wystawa to zbi\u00f3r...","_links":{"self":[{"href":"https:\/\/s.cuforum.pl\/index.php?rest_route=\/wp\/v2\/posts\/1360","targetHints":{"allow":["GET"]}}],"collection":[{"href":"https:\/\/s.cuforum.pl\/index.php?rest_route=\/wp\/v2\/posts"}],"about":[{"href":"https:\/\/s.cuforum.pl\/index.php?rest_route=\/wp\/v2\/types\/post"}],"author":[{"embeddable":true,"href":"https:\/\/s.cuforum.pl\/index.php?rest_route=\/wp\/v2\/users\/1"}],"replies":[{"embeddable":true,"href":"https:\/\/s.cuforum.pl\/index.php?rest_route=%2Fwp%2Fv2%2Fcomments&post=1360"}],"version-history":[{"count":10,"href":"https:\/\/s.cuforum.pl\/index.php?rest_route=\/wp\/v2\/posts\/1360\/revisions"}],"predecessor-version":[{"id":1371,"href":"https:\/\/s.cuforum.pl\/index.php?rest_route=\/wp\/v2\/posts\/1360\/revisions\/1371"}],"wp:attachment":[{"href":"https:\/\/s.cuforum.pl\/index.php?rest_route=%2Fwp%2Fv2%2Fmedia&parent=1360"}],"wp:term":[{"taxonomy":"category","embeddable":true,"href":"https:\/\/s.cuforum.pl\/index.php?rest_route=%2Fwp%2Fv2%2Fcategories&post=1360"},{"taxonomy":"post_tag","embeddable":true,"href":"https:\/\/s.cuforum.pl\/index.php?rest_route=%2Fwp%2Fv2%2Ftags&post=1360"}],"curies":[{"name":"wp","href":"https:\/\/api.w.org\/{rel}","templated":true}]}}