{"id":1695,"date":"2012-08-29T06:34:33","date_gmt":"2012-08-29T06:34:33","guid":{"rendered":"http:\/\/s.cuforum.pl\/?p=1695"},"modified":"2012-10-05T08:16:36","modified_gmt":"2012-10-05T08:16:36","slug":"plakat-imprezy-sw-michal-patron-ceramikow","status":"publish","type":"post","link":"https:\/\/s.cuforum.pl\/?p=1695","title":{"rendered":"Plakat imprezy \u015aw, Micha\u0142 &#8211; Patron Ceramik\u00f3w"},"content":{"rendered":"<p>&nbsp;<\/p>\n<p><a href=\"https:\/\/s.cuforum.pl\/?attachment_id=1694\" rel=\"attachment wp-att-1694\"><img fetchpriority=\"high\" decoding=\"async\" class=\"alignleft size-full wp-image-1694\" title=\"plakat_www_512\" src=\"https:\/\/s.cuforum.pl\/wp-content\/uploads\/2012\/08\/plakat_www_512-e1346222116660.jpg\" alt=\"\" width=\"511\" height=\"723\" \/><\/a><\/p>\n<p>&nbsp;<\/p>\n<p>&nbsp;<\/p>\n<p>&nbsp;<\/p>\n<p>&nbsp;<\/p>\n<p>&nbsp;<\/p>\n<p>&nbsp;<\/p>\n<p>&nbsp;<\/p>\n<p>&nbsp;<\/p>\n<p>&nbsp;<\/p>\n<p>&nbsp;<\/p>\n<p>&nbsp;<\/p>\n<p>&nbsp;<\/p>\n<p>&nbsp;<\/p>\n<p>&nbsp;<\/p>\n<p>&nbsp;<\/p>\n<p>&nbsp;<\/p>\n<p>&nbsp;<\/p>\n<p>&nbsp;<\/p>\n<p>&nbsp;<\/p>\n<p>&nbsp;<\/p>\n<p>&nbsp;<\/p>\n<p>&nbsp;<\/p>\n<p>&nbsp;<\/p>\n<p><a href=\"https:\/\/s.cuforum.pl\/wp-content\/uploads\/2012\/08\/plakat-2.jpg\">Wi\u0119kszy w formacie jpg do pobrania<\/a><\/p>\n","protected":false},"excerpt":{"rendered":"<p>&nbsp; &nbsp; &nbsp; &nbsp; &nbsp; &nbsp; &nbsp; &nbsp; &nbsp; &nbsp; &nbsp; &nbsp; &nbsp; &nbsp; &nbsp; &nbsp; &nbsp; &nbsp; &nbsp; &nbsp; &nbsp; &nbsp; &nbsp; &nbsp; Wi\u0119kszy w formacie jpg do pobrania<\/p>\n","protected":false},"author":1,"featured_media":0,"comment_status":"open","ping_status":"open","sticky":false,"template":"","format":"standard","meta":{"_uag_custom_page_level_css":"","_kadence_starter_templates_imported_post":false,"_kad_post_transparent":"","_kad_post_title":"","_kad_post_layout":"","_kad_post_sidebar_id":"","_kad_post_content_style":"","_kad_post_vertical_padding":"","_kad_post_feature":"","_kad_post_feature_position":"","_kad_post_header":false,"_kad_post_footer":false,"_kad_post_classname":"","footnotes":""},"categories":[4],"tags":[41],"class_list":["post-1695","post","type-post","status-publish","format-standard","hentry","category-dzialania","tag-sw-michal"],"uagb_featured_image_src":{"full":false,"thumbnail":false,"medium":false,"medium_large":false,"large":false,"1536x1536":false,"2048x2048":false},"uagb_author_info":{"display_name":"zkm","author_link":"https:\/\/s.cuforum.pl\/?author=1"},"uagb_comment_info":0,"uagb_excerpt":"&nbsp; &nbsp; &nbsp; &nbsp; &nbsp; &nbsp; &nbsp; &nbsp; &nbsp; &nbsp; &nbsp; &nbsp; &nbsp; &nbsp; &nbsp; &nbsp; &nbsp; &nbsp; &nbsp; &nbsp; &nbsp; &nbsp; &nbsp; &nbsp; Wi\u0119kszy w formacie jpg do pobrania","_links":{"self":[{"href":"https:\/\/s.cuforum.pl\/index.php?rest_route=\/wp\/v2\/posts\/1695","targetHints":{"allow":["GET"]}}],"collection":[{"href":"https:\/\/s.cuforum.pl\/index.php?rest_route=\/wp\/v2\/posts"}],"about":[{"href":"https:\/\/s.cuforum.pl\/index.php?rest_route=\/wp\/v2\/types\/post"}],"author":[{"embeddable":true,"href":"https:\/\/s.cuforum.pl\/index.php?rest_route=\/wp\/v2\/users\/1"}],"replies":[{"embeddable":true,"href":"https:\/\/s.cuforum.pl\/index.php?rest_route=%2Fwp%2Fv2%2Fcomments&post=1695"}],"version-history":[{"count":5,"href":"https:\/\/s.cuforum.pl\/index.php?rest_route=\/wp\/v2\/posts\/1695\/revisions"}],"predecessor-version":[{"id":1715,"href":"https:\/\/s.cuforum.pl\/index.php?rest_route=\/wp\/v2\/posts\/1695\/revisions\/1715"}],"wp:attachment":[{"href":"https:\/\/s.cuforum.pl\/index.php?rest_route=%2Fwp%2Fv2%2Fmedia&parent=1695"}],"wp:term":[{"taxonomy":"category","embeddable":true,"href":"https:\/\/s.cuforum.pl\/index.php?rest_route=%2Fwp%2Fv2%2Fcategories&post=1695"},{"taxonomy":"post_tag","embeddable":true,"href":"https:\/\/s.cuforum.pl\/index.php?rest_route=%2Fwp%2Fv2%2Ftags&post=1695"}],"curies":[{"name":"wp","href":"https:\/\/api.w.org\/{rel}","templated":true}]}}