{"id":1868,"date":"2013-06-07T19:01:16","date_gmt":"2013-06-07T19:01:16","guid":{"rendered":"http:\/\/s.cuforum.pl\/?p=1868"},"modified":"2013-06-07T19:01:16","modified_gmt":"2013-06-07T19:01:16","slug":"pieszczany-2013-2","status":"publish","type":"post","link":"https:\/\/s.cuforum.pl\/?p=1868","title":{"rendered":"Pieszczany 2013"},"content":{"rendered":"<p>Wspomnienie z wyjazdu na Targi w Pieszczanach. Kolejny raz na zaproszenie przyjaci\u00f3\u0142 ze S\u0142owacji mieli\u015bmy okazj\u0119 uczestniczy\u0107 we wspania\u0142ej imprezie promuj\u0105cej prawdziwe rzemios\u0142o. Podzi\u0119kowania dla Lubicy i Milosza oraz ca\u0142ej ekipy.<\/p>\n<div class=\"pie-gallery alignGalleryCenter\">\n<div class=\"pie-item\" style=\"margin: 10px 10px 10px 10px;\">\n<p class=\"pie-img-wrapper\"><a href=\"https:\/\/picasaweb.google.com\/116953642879392925403\/Pieszczany2013#5886808832805466994\"><img decoding=\"async\" class=\"pie-img\" alt=\"wazka.jpg\" src=\"http:\/\/lh4.ggpht.com\/-cmRi8iBYBM8\/UbIlcZwAc3I\/AAAAAAAANWY\/gLFVvGhX78A\/s72-c\/wazka.jpg\" width=\"72\" height=\"72\" \/><\/a><\/p>\n<\/div>\n<div class=\"pie-item\" style=\"margin: 10px 10px 10px 10px;\">\n<p class=\"pie-img-wrapper\"><a href=\"https:\/\/picasaweb.google.com\/116953642879392925403\/Pieszczany2013#5886808818074797202\"><img decoding=\"async\" class=\"pie-img\" alt=\"grupa.jpg\" src=\"http:\/\/lh5.ggpht.com\/-DCC-wkGipn8\/UbIlbi38RJI\/AAAAAAAANWg\/wi2bgV6bEMs\/s72-c\/grupa.jpg\" width=\"72\" height=\"72\" \/><\/a><\/p>\n<\/div>\n<div class=\"pie-item\" style=\"margin: 10px 10px 10px 10px;\">\n<p class=\"pie-img-wrapper\"><a href=\"https:\/\/picasaweb.google.com\/116953642879392925403\/Pieszczany2013#5886808382088956642\"><img decoding=\"async\" class=\"pie-img\" alt=\"DSCN0775.jpg\" src=\"http:\/\/lh3.ggpht.com\/-hHsWSB-5A08\/UbIlCKs0SuI\/AAAAAAAANPE\/NVfyfUX9JgM\/s72-c\/DSCN0775.jpg\" width=\"72\" height=\"72\" \/><\/a><\/p>\n<\/div>\n<div class=\"pie-item\" style=\"margin: 10px 10px 10px 10px;\">\n<p class=\"pie-img-wrapper\"><a href=\"https:\/\/picasaweb.google.com\/116953642879392925403\/Pieszczany2013#5886808174478310994\"><img loading=\"lazy\" decoding=\"async\" class=\"pie-img\" alt=\"DSCN0685.jpg\" src=\"http:\/\/lh4.ggpht.com\/-g01D0le6lIs\/UbIk2FSlPlI\/AAAAAAAANLc\/XgLOxZtZjCs\/s72-c\/DSCN0685.jpg\" width=\"72\" height=\"72\" \/><\/a><\/p>\n<\/div>\n<div class=\"pie-item\" style=\"margin: 10px 10px 10px 10px;\">\n<p class=\"pie-img-wrapper\"><a href=\"https:\/\/picasaweb.google.com\/116953642879392925403\/Pieszczany2013#5886808109953054354\"><img loading=\"lazy\" decoding=\"async\" class=\"pie-img\" alt=\"DSCN0664.jpg\" src=\"http:\/\/lh3.ggpht.com\/-OnZFNQPZiVM\/UbIkyU6j9pI\/AAAAAAAANKI\/UgE711WEEVk\/s72-c\/DSCN0664.jpg\" width=\"72\" height=\"72\" \/><\/a><\/p>\n<\/div>\n<div class=\"pie-item\" style=\"margin: 10px 10px 10px 10px;\">\n<p class=\"pie-img-wrapper\"><a href=\"https:\/\/picasaweb.google.com\/116953642879392925403\/Pieszczany2013#5886808493201018610\"><img loading=\"lazy\" decoding=\"async\" class=\"pie-img\" alt=\"DSCN0818.jpg\" src=\"http:\/\/lh4.ggpht.com\/-OOox6aYwWEc\/UbIlIon_zvI\/AAAAAAAANQo\/cUzinw0GynE\/s72-c\/DSCN0818.jpg\" width=\"72\" height=\"72\" \/><\/a><\/p>\n<\/div>\n<div class=\"pie-item\" style=\"margin: 10px 10px 10px 10px;\">\n<p class=\"pie-img-wrapper\"><a href=\"https:\/\/picasaweb.google.com\/116953642879392925403\/Pieszczany2013#5886808275512816050\"><img loading=\"lazy\" decoding=\"async\" class=\"pie-img\" alt=\"DSCN0739.jpg\" src=\"http:\/\/lh3.ggpht.com\/-DrAKbqLGUhg\/UbIk79rFcbI\/AAAAAAAANNA\/RJxEdA0crZs\/s72-c\/DSCN0739.jpg\" width=\"72\" height=\"72\" \/><\/a><\/p>\n<\/div>\n<div class=\"pie-item\" style=\"margin: 10px 10px 10px 10px;\">\n<p class=\"pie-img-wrapper\"><a href=\"https:\/\/picasaweb.google.com\/116953642879392925403\/Pieszczany2013#5886808050922021346\"><img loading=\"lazy\" decoding=\"async\" class=\"pie-img\" alt=\"DSCN0653.jpg\" src=\"http:\/\/lh3.ggpht.com\/-ajf6xd30l50\/UbIku5Ad4eI\/AAAAAAAANJE\/EjJSTnT8vhY\/s72-c\/DSCN0653.jpg\" width=\"72\" height=\"72\" \/><\/a><\/p>\n<\/div>\n<div class=\"pie-item\" style=\"margin: 10px 10px 10px 10px;\">\n<p class=\"pie-img-wrapper\"><a href=\"https:\/\/picasaweb.google.com\/116953642879392925403\/Pieszczany2013#5886807852165667954\"><img loading=\"lazy\" decoding=\"async\" class=\"pie-img\" alt=\"DSCN0599.jpg\" src=\"http:\/\/lh4.ggpht.com\/-xd1W5hjxRsg\/UbIkjUlQnHI\/AAAAAAAANHA\/9fyyVKFXR-o\/s72-c\/DSCN0599.jpg\" width=\"72\" height=\"72\" \/><\/a><\/p>\n<\/div>\n<div class=\"pie-item\" style=\"margin: 10px 10px 10px 10px;\">\n<p class=\"pie-img-wrapper\"><a href=\"https:\/\/picasaweb.google.com\/116953642879392925403\/Pieszczany2013#5886807760170955298\"><img loading=\"lazy\" decoding=\"async\" class=\"pie-img\" alt=\"DSCN0567.jpg\" src=\"http:\/\/lh6.ggpht.com\/-3sVRSzFHxUA\/UbIkd94AsiI\/AAAAAAAANEI\/HvMdNKq68OE\/s72-c\/DSCN0567.jpg\" width=\"72\" height=\"72\" \/><\/a><\/p>\n<\/div>\n<\/div>\n","protected":false},"excerpt":{"rendered":"<p>Wspomnienie z wyjazdu na Targi w Pieszczanach. Kolejny raz na zaproszenie przyjaci\u00f3\u0142 ze S\u0142owacji mieli\u015bmy okazj\u0119 uczestniczy\u0107 we wspania\u0142ej imprezie promuj\u0105cej prawdziwe rzemios\u0142o. Podzi\u0119kowania dla Lubicy i Milosza oraz ca\u0142ej ekipy.<\/p>\n","protected":false},"author":1,"featured_media":0,"comment_status":"open","ping_status":"open","sticky":false,"template":"","format":"standard","meta":{"_uag_custom_page_level_css":"","_kadence_starter_templates_imported_post":false,"_kad_post_transparent":"","_kad_post_title":"","_kad_post_layout":"","_kad_post_sidebar_id":"","_kad_post_content_style":"","_kad_post_vertical_padding":"","_kad_post_feature":"","_kad_post_feature_position":"","_kad_post_header":false,"_kad_post_footer":false,"_kad_post_classname":"","footnotes":""},"categories":[4,12],"tags":[66,60],"class_list":["post-1868","post","type-post","status-publish","format-standard","hentry","category-dzialania","category-wspolpraca","tag-pieszczany","tag-raku"],"uagb_featured_image_src":{"full":false,"thumbnail":false,"medium":false,"medium_large":false,"large":false,"1536x1536":false,"2048x2048":false},"uagb_author_info":{"display_name":"zkm","author_link":"https:\/\/s.cuforum.pl\/?author=1"},"uagb_comment_info":0,"uagb_excerpt":"Wspomnienie z wyjazdu na Targi w Pieszczanach. Kolejny raz na zaproszenie przyjaci\u00f3\u0142 ze S\u0142owacji mieli\u015bmy okazj\u0119 uczestniczy\u0107 we wspania\u0142ej imprezie promuj\u0105cej prawdziwe rzemios\u0142o. Podzi\u0119kowania dla Lubicy i Milosza oraz ca\u0142ej ekipy.","_links":{"self":[{"href":"https:\/\/s.cuforum.pl\/index.php?rest_route=\/wp\/v2\/posts\/1868","targetHints":{"allow":["GET"]}}],"collection":[{"href":"https:\/\/s.cuforum.pl\/index.php?rest_route=\/wp\/v2\/posts"}],"about":[{"href":"https:\/\/s.cuforum.pl\/index.php?rest_route=\/wp\/v2\/types\/post"}],"author":[{"embeddable":true,"href":"https:\/\/s.cuforum.pl\/index.php?rest_route=\/wp\/v2\/users\/1"}],"replies":[{"embeddable":true,"href":"https:\/\/s.cuforum.pl\/index.php?rest_route=%2Fwp%2Fv2%2Fcomments&post=1868"}],"version-history":[{"count":1,"href":"https:\/\/s.cuforum.pl\/index.php?rest_route=\/wp\/v2\/posts\/1868\/revisions"}],"predecessor-version":[{"id":1869,"href":"https:\/\/s.cuforum.pl\/index.php?rest_route=\/wp\/v2\/posts\/1868\/revisions\/1869"}],"wp:attachment":[{"href":"https:\/\/s.cuforum.pl\/index.php?rest_route=%2Fwp%2Fv2%2Fmedia&parent=1868"}],"wp:term":[{"taxonomy":"category","embeddable":true,"href":"https:\/\/s.cuforum.pl\/index.php?rest_route=%2Fwp%2Fv2%2Fcategories&post=1868"},{"taxonomy":"post_tag","embeddable":true,"href":"https:\/\/s.cuforum.pl\/index.php?rest_route=%2Fwp%2Fv2%2Ftags&post=1868"}],"curies":[{"name":"wp","href":"https:\/\/api.w.org\/{rel}","templated":true}]}}