{"id":2417,"date":"2013-10-02T10:11:07","date_gmt":"2013-10-02T10:11:07","guid":{"rendered":"http:\/\/s.cuforum.pl\/?p=2417"},"modified":"2013-10-02T22:58:02","modified_gmt":"2013-10-02T22:58:02","slug":"gaudeamus-igitur-dla-karoliny","status":"publish","type":"post","link":"https:\/\/s.cuforum.pl\/?p=2417","title":{"rendered":"Gaudeamus Igitur &#8230; dla Agaty"},"content":{"rendered":"<p>Z pracowni &#8230;. na Akademi\u0119\u00a0Sztuk Pi\u0119knych.<br \/>\n\u015awi\u0119tujemy i gratulujemy Agacie, uczestniczce zaj\u0119\u0107 w\u00a0Pracowni Rze\u017aby i Ceramiki \u00a0rozpocz\u0119cia studi\u00f3w na wydziale Ceramiki i Szk\u0142a\u00a0ASP we Wroc\u0142awiu<\/p>\n<p><img fetchpriority=\"high\" decoding=\"async\" class=\"size-full wp-image-2418 alignleft\" alt=\"Karolina rozpoczyna studia na ASP we Wroc\u0142awiu\" src=\"https:\/\/s.cuforum.pl\/wp-content\/uploads\/2013\/10\/karolina.jpg\" width=\"509\" height=\"635\" srcset=\"https:\/\/s.cuforum.pl\/wp-content\/uploads\/2013\/10\/karolina.jpg 509w, https:\/\/s.cuforum.pl\/wp-content\/uploads\/2013\/10\/karolina-240x300.jpg 240w, https:\/\/s.cuforum.pl\/wp-content\/uploads\/2013\/10\/karolina-150x187.jpg 150w\" sizes=\"(max-width: 509px) 100vw, 509px\" \/><\/p>\n<p>i spiewamy \ud83d\ude42<\/p>\n<p><center><iframe src=\"\/\/www.youtube.com\/embed\/mqIJtKTlJ1A?rel=0\" height=\"360\" width=\"480\" allowfullscreen=\"\" frameborder=\"0\"><\/iframe><\/center><\/p>\n","protected":false},"excerpt":{"rendered":"<p>Z pracowni &#8230;. na Akademi\u0119\u00a0Sztuk Pi\u0119knych. \u015awi\u0119tujemy i gratulujemy Agacie, uczestniczce zaj\u0119\u0107 w\u00a0Pracowni Rze\u017aby i Ceramiki \u00a0rozpocz\u0119cia studi\u00f3w na wydziale Ceramiki i Szk\u0142a\u00a0ASP we Wroc\u0142awiu i spiewamy \ud83d\ude42<\/p>\n","protected":false},"author":1,"featured_media":0,"comment_status":"open","ping_status":"open","sticky":false,"template":"","format":"standard","meta":{"_uag_custom_page_level_css":"","_kadence_starter_templates_imported_post":false,"_kad_post_transparent":"","_kad_post_title":"","_kad_post_layout":"","_kad_post_sidebar_id":"","_kad_post_content_style":"","_kad_post_vertical_padding":"","_kad_post_feature":"","_kad_post_feature_position":"","_kad_post_header":false,"_kad_post_footer":false,"_kad_post_classname":"","footnotes":""},"categories":[4],"tags":[100,56],"class_list":["post-2417","post","type-post","status-publish","format-standard","hentry","category-dzialania","tag-pracownia","tag-wroclaw"],"uagb_featured_image_src":{"full":false,"thumbnail":false,"medium":false,"medium_large":false,"large":false,"1536x1536":false,"2048x2048":false},"uagb_author_info":{"display_name":"zkm","author_link":"https:\/\/s.cuforum.pl\/?author=1"},"uagb_comment_info":0,"uagb_excerpt":"Z pracowni &#8230;. na Akademi\u0119\u00a0Sztuk Pi\u0119knych. \u015awi\u0119tujemy i gratulujemy Agacie, uczestniczce zaj\u0119\u0107 w\u00a0Pracowni Rze\u017aby i Ceramiki \u00a0rozpocz\u0119cia studi\u00f3w na wydziale Ceramiki i Szk\u0142a\u00a0ASP we Wroc\u0142awiu i spiewamy \ud83d\ude42","_links":{"self":[{"href":"https:\/\/s.cuforum.pl\/index.php?rest_route=\/wp\/v2\/posts\/2417","targetHints":{"allow":["GET"]}}],"collection":[{"href":"https:\/\/s.cuforum.pl\/index.php?rest_route=\/wp\/v2\/posts"}],"about":[{"href":"https:\/\/s.cuforum.pl\/index.php?rest_route=\/wp\/v2\/types\/post"}],"author":[{"embeddable":true,"href":"https:\/\/s.cuforum.pl\/index.php?rest_route=\/wp\/v2\/users\/1"}],"replies":[{"embeddable":true,"href":"https:\/\/s.cuforum.pl\/index.php?rest_route=%2Fwp%2Fv2%2Fcomments&post=2417"}],"version-history":[{"count":6,"href":"https:\/\/s.cuforum.pl\/index.php?rest_route=\/wp\/v2\/posts\/2417\/revisions"}],"predecessor-version":[{"id":2424,"href":"https:\/\/s.cuforum.pl\/index.php?rest_route=\/wp\/v2\/posts\/2417\/revisions\/2424"}],"wp:attachment":[{"href":"https:\/\/s.cuforum.pl\/index.php?rest_route=%2Fwp%2Fv2%2Fmedia&parent=2417"}],"wp:term":[{"taxonomy":"category","embeddable":true,"href":"https:\/\/s.cuforum.pl\/index.php?rest_route=%2Fwp%2Fv2%2Fcategories&post=2417"},{"taxonomy":"post_tag","embeddable":true,"href":"https:\/\/s.cuforum.pl\/index.php?rest_route=%2Fwp%2Fv2%2Ftags&post=2417"}],"curies":[{"name":"wp","href":"https:\/\/api.w.org\/{rel}","templated":true}]}}