{"id":2623,"date":"2014-10-03T10:45:21","date_gmt":"2014-10-03T10:45:21","guid":{"rendered":"http:\/\/s.cuforum.pl\/?p=2623"},"modified":"2014-10-03T10:45:21","modified_gmt":"2014-10-03T10:45:21","slug":"sw-michal-patron-ceramikow-xii-edycja-imprezy","status":"publish","type":"post","link":"https:\/\/s.cuforum.pl\/?p=2623","title":{"rendered":"\u015aw. Micha\u0142 &#8211; Patron Ceramik\u00f3w. XII Edycja imprezy"},"content":{"rendered":"<p><img fetchpriority=\"high\" decoding=\"async\" class=\"alignleft size-full wp-image-2624\" src=\"https:\/\/s.cuforum.pl\/wp-content\/uploads\/2014\/10\/plakat_M_2013_512.jpg\" alt=\"plakat_M_2013_512\" width=\"512\" height=\"362\" srcset=\"https:\/\/s.cuforum.pl\/wp-content\/uploads\/2014\/10\/plakat_M_2013_512.jpg 512w, https:\/\/s.cuforum.pl\/wp-content\/uploads\/2014\/10\/plakat_M_2013_512-300x212.jpg 300w, https:\/\/s.cuforum.pl\/wp-content\/uploads\/2014\/10\/plakat_M_2013_512-150x106.jpg 150w\" sizes=\"(max-width: 512px) 100vw, 512px\" \/><\/p>\n","protected":false},"excerpt":{"rendered":"","protected":false},"author":1,"featured_media":0,"comment_status":"open","ping_status":"open","sticky":false,"template":"","format":"standard","meta":{"_uag_custom_page_level_css":"","_kadence_starter_templates_imported_post":false,"_kad_post_transparent":"","_kad_post_title":"","_kad_post_layout":"","_kad_post_sidebar_id":"","_kad_post_content_style":"","_kad_post_vertical_padding":"","_kad_post_feature":"","_kad_post_feature_position":"","_kad_post_header":false,"_kad_post_footer":false,"_kad_post_classname":"","footnotes":""},"categories":[16,11],"tags":[20,41,103,104],"class_list":["post-2623","post","type-post","status-publish","format-standard","hentry","category-mocny-gar-sw-michal-patron-ceramikow-dzialania","category-sw-michal-patron-ceramikow","tag-ceramika","tag-sw-michal","tag-warsztaty","tag-wystawa"],"uagb_featured_image_src":{"full":false,"thumbnail":false,"medium":false,"medium_large":false,"large":false,"1536x1536":false,"2048x2048":false},"uagb_author_info":{"display_name":"zkm","author_link":"https:\/\/s.cuforum.pl\/?author=1"},"uagb_comment_info":0,"uagb_excerpt":null,"_links":{"self":[{"href":"https:\/\/s.cuforum.pl\/index.php?rest_route=\/wp\/v2\/posts\/2623","targetHints":{"allow":["GET"]}}],"collection":[{"href":"https:\/\/s.cuforum.pl\/index.php?rest_route=\/wp\/v2\/posts"}],"about":[{"href":"https:\/\/s.cuforum.pl\/index.php?rest_route=\/wp\/v2\/types\/post"}],"author":[{"embeddable":true,"href":"https:\/\/s.cuforum.pl\/index.php?rest_route=\/wp\/v2\/users\/1"}],"replies":[{"embeddable":true,"href":"https:\/\/s.cuforum.pl\/index.php?rest_route=%2Fwp%2Fv2%2Fcomments&post=2623"}],"version-history":[{"count":1,"href":"https:\/\/s.cuforum.pl\/index.php?rest_route=\/wp\/v2\/posts\/2623\/revisions"}],"predecessor-version":[{"id":2625,"href":"https:\/\/s.cuforum.pl\/index.php?rest_route=\/wp\/v2\/posts\/2623\/revisions\/2625"}],"wp:attachment":[{"href":"https:\/\/s.cuforum.pl\/index.php?rest_route=%2Fwp%2Fv2%2Fmedia&parent=2623"}],"wp:term":[{"taxonomy":"category","embeddable":true,"href":"https:\/\/s.cuforum.pl\/index.php?rest_route=%2Fwp%2Fv2%2Fcategories&post=2623"},{"taxonomy":"post_tag","embeddable":true,"href":"https:\/\/s.cuforum.pl\/index.php?rest_route=%2Fwp%2Fv2%2Ftags&post=2623"}],"curies":[{"name":"wp","href":"https:\/\/api.w.org\/{rel}","templated":true}]}}