{"id":2826,"date":"2018-05-25T18:11:09","date_gmt":"2018-05-25T18:11:09","guid":{"rendered":"http:\/\/s.cuforum.pl\/?p=2826"},"modified":"2018-05-25T18:12:10","modified_gmt":"2018-05-25T18:12:10","slug":"stowarzyszenie-na-targach-rzemiosl-w-pieszczanach","status":"publish","type":"post","link":"https:\/\/s.cuforum.pl\/?p=2826","title":{"rendered":"Stowarzyszenie na Targach Rzemios\u0142 w Pieszczanach"},"content":{"rendered":"<p>Po raz 9-ty uczestniczyli\u015bmy w X Targach Rzemios\u0142 w Pieszczanach.<\/p>\n<p><img fetchpriority=\"high\" decoding=\"async\" class=\"alignleft size-full wp-image-2827\" src=\"https:\/\/s.cuforum.pl\/wp-content\/uploads\/2018\/05\/Pieszczany_2018-e1527271914772.jpg\" alt=\"\" width=\"512\" height=\"384\" \/><\/p>\n<p>&nbsp;<\/p>\n","protected":false},"excerpt":{"rendered":"<p>Po raz 9-ty uczestniczyli\u015bmy w X Targach Rzemios\u0142 w Pieszczanach. &nbsp;<\/p>\n","protected":false},"author":1,"featured_media":0,"comment_status":"open","ping_status":"open","sticky":false,"template":"","format":"standard","meta":{"_uag_custom_page_level_css":"","_kadence_starter_templates_imported_post":false,"_kad_post_transparent":"","_kad_post_title":"","_kad_post_layout":"","_kad_post_sidebar_id":"","_kad_post_content_style":"","_kad_post_vertical_padding":"","_kad_post_feature":"","_kad_post_feature_position":"","_kad_post_header":false,"_kad_post_footer":false,"_kad_post_classname":"","footnotes":""},"categories":[4,12,46],"tags":[20,65,104],"class_list":["post-2826","post","type-post","status-publish","format-standard","hentry","category-dzialania","category-wspolpraca","category-wystawa","tag-ceramika","tag-targi","tag-wystawa"],"uagb_featured_image_src":{"full":false,"thumbnail":false,"medium":false,"medium_large":false,"large":false,"1536x1536":false,"2048x2048":false},"uagb_author_info":{"display_name":"zkm","author_link":"https:\/\/s.cuforum.pl\/?author=1"},"uagb_comment_info":0,"uagb_excerpt":"Po raz 9-ty uczestniczyli\u015bmy w X Targach Rzemios\u0142 w Pieszczanach. &nbsp;","_links":{"self":[{"href":"https:\/\/s.cuforum.pl\/index.php?rest_route=\/wp\/v2\/posts\/2826","targetHints":{"allow":["GET"]}}],"collection":[{"href":"https:\/\/s.cuforum.pl\/index.php?rest_route=\/wp\/v2\/posts"}],"about":[{"href":"https:\/\/s.cuforum.pl\/index.php?rest_route=\/wp\/v2\/types\/post"}],"author":[{"embeddable":true,"href":"https:\/\/s.cuforum.pl\/index.php?rest_route=\/wp\/v2\/users\/1"}],"replies":[{"embeddable":true,"href":"https:\/\/s.cuforum.pl\/index.php?rest_route=%2Fwp%2Fv2%2Fcomments&post=2826"}],"version-history":[{"count":2,"href":"https:\/\/s.cuforum.pl\/index.php?rest_route=\/wp\/v2\/posts\/2826\/revisions"}],"predecessor-version":[{"id":2829,"href":"https:\/\/s.cuforum.pl\/index.php?rest_route=\/wp\/v2\/posts\/2826\/revisions\/2829"}],"wp:attachment":[{"href":"https:\/\/s.cuforum.pl\/index.php?rest_route=%2Fwp%2Fv2%2Fmedia&parent=2826"}],"wp:term":[{"taxonomy":"category","embeddable":true,"href":"https:\/\/s.cuforum.pl\/index.php?rest_route=%2Fwp%2Fv2%2Fcategories&post=2826"},{"taxonomy":"post_tag","embeddable":true,"href":"https:\/\/s.cuforum.pl\/index.php?rest_route=%2Fwp%2Fv2%2Ftags&post=2826"}],"curies":[{"name":"wp","href":"https:\/\/api.w.org\/{rel}","templated":true}]}}