{"id":3261,"date":"2021-09-13T07:34:00","date_gmt":"2021-09-13T07:34:00","guid":{"rendered":"http:\/\/s.cuforum.pl\/?p=3261"},"modified":"2022-08-19T07:43:19","modified_gmt":"2022-08-19T07:43:19","slug":"karolinka","status":"publish","type":"post","link":"https:\/\/s.cuforum.pl\/?p=3261","title":{"rendered":"KAROLINKA"},"content":{"rendered":"<style>.kb-image_31203a-0a .kb-image-has-overlay:after{opacity:0.3;}<\/style>\n<figure class=\"wp-block-kadence-image kb-image_31203a-0a size-large\"><img fetchpriority=\"high\" decoding=\"async\" width=\"1024\" height=\"236\" src=\"https:\/\/s.cuforum.pl\/wp-content\/uploads\/2022\/08\/Logo2-1024x236.jpg\" alt=\"\" class=\"kb-img wp-image-3257\" srcset=\"https:\/\/s.cuforum.pl\/wp-content\/uploads\/2022\/08\/Logo2-1024x236.jpg 1024w, https:\/\/s.cuforum.pl\/wp-content\/uploads\/2022\/08\/Logo2-300x69.jpg 300w, https:\/\/s.cuforum.pl\/wp-content\/uploads\/2022\/08\/Logo2-768x177.jpg 768w, https:\/\/s.cuforum.pl\/wp-content\/uploads\/2022\/08\/Logo2.jpg 1310w\" sizes=\"(max-width: 1024px) 100vw, 1024px\" \/><\/figure>\n\n\n<style>.wp-block-kadence-advancedheading.kt-adv-heading_8c6794-48, .wp-block-kadence-advancedheading.kt-adv-heading_8c6794-48[data-kb-block=\"kb-adv-heading_8c6794-48\"]{font-weight:400;font-style:normal;font-family:Montserrat;}.wp-block-kadence-advancedheading.kt-adv-heading_8c6794-48 mark.kt-highlight, .wp-block-kadence-advancedheading.kt-adv-heading_8c6794-48[data-kb-block=\"kb-adv-heading_8c6794-48\"] mark.kt-highlight{font-style:normal;color:#f76a0c;-webkit-box-decoration-break:clone;box-decoration-break:clone;padding-top:0px;padding-right:0px;padding-bottom:0px;padding-left:0px;}.wp-block-kadence-advancedheading.kt-adv-heading_8c6794-48 img.kb-inline-image, .wp-block-kadence-advancedheading.kt-adv-heading_8c6794-48[data-kb-block=\"kb-adv-heading_8c6794-48\"] img.kb-inline-image{width:150px;vertical-align:baseline;}<\/style>\n<h6 class=\"kt-adv-heading_8c6794-48 wp-block-kadence-advancedheading\" data-kb-block=\"kb-adv-heading_8c6794-48\">KAROLINKA w Radzionkowie to Centrum Kultury, posiadaj\u0105ce obszerny zbi\u00f3r stroj\u00f3w \u015bl\u0105skich kt\u00f3re mo\u017cna wypo\u017cyczy\u0107. To tu wypo\u017cyczyli\u015bmy stroje na spotkanie w Cieszynie gdzie b\u0119dziemy je prezentowa\u0107 w ramach projektu. Szefowa pracowni stroju to niezmiernie mi\u0142a osoba o du\u017cej wiedzy, tym bardziej by\u0142o nam mi\u0142o przedstawi\u0107 ide\u0119 oraz cele naszego projektu Erasmus+.<\/h6>\n\n\n<style>.kb-image_3032b9-0a .kb-image-has-overlay:after{opacity:0.3;}<\/style>\n<figure class=\"wp-block-kadence-image kb-image_3032b9-0a size-full\"><img decoding=\"async\" width=\"800\" height=\"800\" src=\"https:\/\/s.cuforum.pl\/wp-content\/uploads\/2022\/08\/karolinka.png\" alt=\"Karolinka\" class=\"kb-img wp-image-3262\" srcset=\"https:\/\/s.cuforum.pl\/wp-content\/uploads\/2022\/08\/karolinka.png 800w, https:\/\/s.cuforum.pl\/wp-content\/uploads\/2022\/08\/karolinka-300x300.png 300w, https:\/\/s.cuforum.pl\/wp-content\/uploads\/2022\/08\/karolinka-150x150.png 150w, https:\/\/s.cuforum.pl\/wp-content\/uploads\/2022\/08\/karolinka-768x768.png 768w\" sizes=\"(max-width: 800px) 100vw, 800px\" \/><\/figure>\n","protected":false},"excerpt":{"rendered":"<p>KAROLINKA w Radzionkowie to Centrum Kultury, posiadaj\u0105ce obszerny zbi\u00f3r stroj\u00f3w \u015bl\u0105skich kt\u00f3re mo\u017cna wypo\u017cyczy\u0107. To tu wypo\u017cyczyli\u015bmy stroje na spotkanie w Cieszynie gdzie b\u0119dziemy je prezentowa\u0107 w ramach projektu. Szefowa pracowni stroju to niezmiernie mi\u0142a osoba o du\u017cej wiedzy, tym bardziej by\u0142o nam mi\u0142o przedstawi\u0107 ide\u0119 oraz cele naszego projektu Erasmus+.<\/p>\n","protected":false},"author":1,"featured_media":0,"comment_status":"open","ping_status":"open","sticky":false,"template":"","format":"standard","meta":{"_uag_custom_page_level_css":"","_kadence_starter_templates_imported_post":false,"_kad_post_transparent":"","_kad_post_title":"","_kad_post_layout":"","_kad_post_sidebar_id":"","_kad_post_content_style":"","_kad_post_vertical_padding":"","_kad_post_feature":"","_kad_post_feature_position":"","_kad_post_header":false,"_kad_post_footer":false,"_kad_post_classname":"","footnotes":""},"categories":[4,12],"tags":[],"class_list":["post-3261","post","type-post","status-publish","format-standard","hentry","category-dzialania","category-wspolpraca"],"uagb_featured_image_src":{"full":false,"thumbnail":false,"medium":false,"medium_large":false,"large":false,"1536x1536":false,"2048x2048":false},"uagb_author_info":{"display_name":"zkm","author_link":"https:\/\/s.cuforum.pl\/?author=1"},"uagb_comment_info":0,"uagb_excerpt":"KAROLINKA w Radzionkowie to Centrum Kultury, posiadaj\u0105ce obszerny zbi\u00f3r stroj\u00f3w \u015bl\u0105skich kt\u00f3re mo\u017cna wypo\u017cyczy\u0107. To tu wypo\u017cyczyli\u015bmy stroje na spotkanie w Cieszynie gdzie b\u0119dziemy je prezentowa\u0107 w ramach projektu. Szefowa pracowni stroju to niezmiernie mi\u0142a osoba o du\u017cej wiedzy, tym bardziej by\u0142o nam mi\u0142o przedstawi\u0107 ide\u0119 oraz cele naszego projektu Erasmus+.","_links":{"self":[{"href":"https:\/\/s.cuforum.pl\/index.php?rest_route=\/wp\/v2\/posts\/3261","targetHints":{"allow":["GET"]}}],"collection":[{"href":"https:\/\/s.cuforum.pl\/index.php?rest_route=\/wp\/v2\/posts"}],"about":[{"href":"https:\/\/s.cuforum.pl\/index.php?rest_route=\/wp\/v2\/types\/post"}],"author":[{"embeddable":true,"href":"https:\/\/s.cuforum.pl\/index.php?rest_route=\/wp\/v2\/users\/1"}],"replies":[{"embeddable":true,"href":"https:\/\/s.cuforum.pl\/index.php?rest_route=%2Fwp%2Fv2%2Fcomments&post=3261"}],"version-history":[{"count":1,"href":"https:\/\/s.cuforum.pl\/index.php?rest_route=\/wp\/v2\/posts\/3261\/revisions"}],"predecessor-version":[{"id":3263,"href":"https:\/\/s.cuforum.pl\/index.php?rest_route=\/wp\/v2\/posts\/3261\/revisions\/3263"}],"wp:attachment":[{"href":"https:\/\/s.cuforum.pl\/index.php?rest_route=%2Fwp%2Fv2%2Fmedia&parent=3261"}],"wp:term":[{"taxonomy":"category","embeddable":true,"href":"https:\/\/s.cuforum.pl\/index.php?rest_route=%2Fwp%2Fv2%2Fcategories&post=3261"},{"taxonomy":"post_tag","embeddable":true,"href":"https:\/\/s.cuforum.pl\/index.php?rest_route=%2Fwp%2Fv2%2Ftags&post=3261"}],"curies":[{"name":"wp","href":"https:\/\/api.w.org\/{rel}","templated":true}]}}