{"id":483,"date":"2009-12-17T15:18:51","date_gmt":"2009-12-17T14:18:51","guid":{"rendered":"http:\/\/s.cuforum.pl\/?p=483"},"modified":"2009-12-17T15:18:51","modified_gmt":"2009-12-17T14:18:51","slug":"483","status":"publish","type":"post","link":"https:\/\/s.cuforum.pl\/?p=483","title":{"rendered":"Polsko &#8211; S\u0142owackie konsultacje"},"content":{"rendered":"<p>Stowarzyszenie Forum Ceramik\u00f3w w przysz\u0142ym roku zrealizuje pierwsze mi\u0119dzynarodowe projekty w oparciu o fundusze europejskie.<\/p>\n<p>Dzisiaj go\u015bcili\u015bmy naszych przyjaci\u00f3\u0142 ze S\u0142owacji Lubic\u0119 Kuzmow\u0105 i Milosza Kunkela i mo\u017cna powiedzie\u0107, \u017ce odby\u0142y si\u0119 pierwsze konsultacje w temacie wsp\u00f3lnych przysz\u0142ych projekt\u00f3w. Jedna z wa\u017cniejszych spraw i barier to wymagania dotycz\u0105ce partnerstwa; dw\u00f3ch, trzech czy wi\u0119cej organizacji z r\u00f3\u017cnych kraj\u00f3w &#8211; to mamy za sob\u0105.<\/p>\n<p><center><figure id=\"attachment_484\" aria-describedby=\"caption-attachment-484\" style=\"width: 300px\" class=\"wp-caption aligncenter\"><img fetchpriority=\"high\" decoding=\"async\" class=\"size-medium wp-image-484\" title=\"Ola, Lubica i Milosz na rynku w Gliwicach\" src=\"http:\/\/cuforum.pl\/test\/wp-content\/uploads\/2009\/12\/16122009-300x225.jpg\" alt=\"Ola, Lubica i Milosz na rynku w Gliwicach\" width=\"300\" height=\"225\" srcset=\"https:\/\/s.cuforum.pl\/wp-content\/uploads\/2009\/12\/16122009-300x225.jpg 300w, https:\/\/s.cuforum.pl\/wp-content\/uploads\/2009\/12\/16122009-1024x768.jpg 1024w, https:\/\/s.cuforum.pl\/wp-content\/uploads\/2009\/12\/16122009.jpg 1280w\" sizes=\"(max-width: 300px) 100vw, 300px\" \/><figcaption id=\"caption-attachment-484\" class=\"wp-caption-text\">Lubic\u0119 i Milosza oprowadzili\u015bmy po Gliwicach<\/figcaption><\/figure><\/center><\/p>\n<p>Goscie przywie\u017ali nam film z tegorocznych targ\u00f3w rzemios\u0142a w Pieszczanach, kt\u00f3rych s\u0105 organizatorami a my byli\u015bmy uczestnikami.<\/p>\n<h3 style=\"color: #00681c;\"><span><br \/>\n<\/span><\/h3>\n<p><object classid=\"clsid:d27cdb6e-ae6d-11cf-96b8-444553540000\" width=\"400\" height=\"320\" codebase=\"http:\/\/download.macromedia.com\/pub\/shockwave\/cabs\/flash\/swflash.cab#version=6,0,40,0\"><param name=\"allowfullscreen\" value=\"true\" \/><param name=\"allowscriptaccess\" value=\"always\" \/><param name=\"src\" value=\"http:\/\/vimeo.com\/moogaloop.swf?clip_id=8257890&amp;server=vimeo.com&amp;show_title=1&amp;show_byline=1&amp;show_portrait=0&amp;color=00ADEF&amp;fullscreen=1\" \/><embed type=\"application\/x-shockwave-flash\" width=\"400\" height=\"320\" src=\"http:\/\/vimeo.com\/moogaloop.swf?clip_id=8257890&amp;server=vimeo.com&amp;show_title=1&amp;show_byline=1&amp;show_portrait=0&amp;color=00ADEF&amp;fullscreen=1\" allowscriptaccess=\"always\" allowfullscreen=\"true\"><\/embed><\/object><\/p>\n<p>Fragment gdzie Szefowa opowiada o pokazywanych przez nas podczas targ\u00f3w technikach polowego wypa\u0142u ceramiki &#8211; ceramice RAKU<br \/>\nPe\u0142ny Film dokumentuj\u0105cy Targi Rzemios\u0142a w Pieszczanach w roku 2009 dost\u0119pny jest pod tym <a href=\"http:\/\/vimeo.com\/8237566\" target=\"_blank\">linkiem<\/a> .<\/p>\n","protected":false},"excerpt":{"rendered":"<p>Stowarzyszenie Forum Ceramik\u00f3w w przysz\u0142ym roku zrealizuje pierwsze mi\u0119dzynarodowe projekty w oparciu o fundusze europejskie. Dzisiaj go\u015bcili\u015bmy naszych przyjaci\u00f3\u0142 ze S\u0142owacji Lubic\u0119 Kuzmow\u0105 i Milosza Kunkela i mo\u017cna powiedzie\u0107, \u017ce odby\u0142y si\u0119 pierwsze konsultacje w temacie wsp\u00f3lnych przysz\u0142ych projekt\u00f3w. Jedna z wa\u017cniejszych spraw i barier to wymagania dotycz\u0105ce partnerstwa; dw\u00f3ch, trzech czy wi\u0119cej organizacji z&#8230;<\/p>\n","protected":false},"author":1,"featured_media":0,"comment_status":"open","ping_status":"open","sticky":false,"template":"","format":"standard","meta":{"_uag_custom_page_level_css":"","_kadence_starter_templates_imported_post":false,"_kad_post_transparent":"","_kad_post_title":"","_kad_post_layout":"","_kad_post_sidebar_id":"","_kad_post_content_style":"","_kad_post_vertical_padding":"","_kad_post_feature":"","_kad_post_feature_position":"","_kad_post_header":false,"_kad_post_footer":false,"_kad_post_classname":"","footnotes":""},"categories":[4],"tags":[],"class_list":["post-483","post","type-post","status-publish","format-standard","hentry","category-dzialania"],"uagb_featured_image_src":{"full":false,"thumbnail":false,"medium":false,"medium_large":false,"large":false,"1536x1536":false,"2048x2048":false},"uagb_author_info":{"display_name":"zkm","author_link":"https:\/\/s.cuforum.pl\/?author=1"},"uagb_comment_info":0,"uagb_excerpt":"Stowarzyszenie Forum Ceramik\u00f3w w przysz\u0142ym roku zrealizuje pierwsze mi\u0119dzynarodowe projekty w oparciu o fundusze europejskie. Dzisiaj go\u015bcili\u015bmy naszych przyjaci\u00f3\u0142 ze S\u0142owacji Lubic\u0119 Kuzmow\u0105 i Milosza Kunkela i mo\u017cna powiedzie\u0107, \u017ce odby\u0142y si\u0119 pierwsze konsultacje w temacie wsp\u00f3lnych przysz\u0142ych projekt\u00f3w. Jedna z wa\u017cniejszych spraw i barier to wymagania dotycz\u0105ce partnerstwa; dw\u00f3ch, trzech czy wi\u0119cej organizacji z...","_links":{"self":[{"href":"https:\/\/s.cuforum.pl\/index.php?rest_route=\/wp\/v2\/posts\/483","targetHints":{"allow":["GET"]}}],"collection":[{"href":"https:\/\/s.cuforum.pl\/index.php?rest_route=\/wp\/v2\/posts"}],"about":[{"href":"https:\/\/s.cuforum.pl\/index.php?rest_route=\/wp\/v2\/types\/post"}],"author":[{"embeddable":true,"href":"https:\/\/s.cuforum.pl\/index.php?rest_route=\/wp\/v2\/users\/1"}],"replies":[{"embeddable":true,"href":"https:\/\/s.cuforum.pl\/index.php?rest_route=%2Fwp%2Fv2%2Fcomments&post=483"}],"version-history":[{"count":0,"href":"https:\/\/s.cuforum.pl\/index.php?rest_route=\/wp\/v2\/posts\/483\/revisions"}],"wp:attachment":[{"href":"https:\/\/s.cuforum.pl\/index.php?rest_route=%2Fwp%2Fv2%2Fmedia&parent=483"}],"wp:term":[{"taxonomy":"category","embeddable":true,"href":"https:\/\/s.cuforum.pl\/index.php?rest_route=%2Fwp%2Fv2%2Fcategories&post=483"},{"taxonomy":"post_tag","embeddable":true,"href":"https:\/\/s.cuforum.pl\/index.php?rest_route=%2Fwp%2Fv2%2Ftags&post=483"}],"curies":[{"name":"wp","href":"https:\/\/api.w.org\/{rel}","templated":true}]}}