{"id":805,"date":"2011-02-05T09:09:06","date_gmt":"2011-02-05T08:09:06","guid":{"rendered":"http:\/\/s.cuforum.pl\/?p=805"},"modified":"2011-04-19T13:20:57","modified_gmt":"2011-04-19T13:20:57","slug":"tworcze-walentynki-w-pracowni-ceramicznej","status":"publish","type":"post","link":"https:\/\/s.cuforum.pl\/?p=805","title":{"rendered":"Tw\u00f3rcze Walentynki w Pracowni Ceramicznej"},"content":{"rendered":"<p><strong>To ju\u017c tradycja. <\/strong>W dniu 13 i 14 lutego zapraszamy zakochanych, tych szcz\u0119\u015bliwie i nieszcz\u0119\u015bliwie, na dwa wieczory po\u0142\u0105czone z tworzeniem magicznych form z gliny. Uniesienia mi\u0142osne zawsze sprzyja\u0142y inwencji tw\u00f3rczej. a stworzone wsp\u00f3lnie ceramiczne pami\u0105tki posiadaj\u0105 moc afrodyzjak\u00f3w dla bliskiej nam osoby.<br \/>\nT\u0142o oryginalnego wieczoru zapewni artystyczny klimat naszej pracowni a temperatur\u0119 uczu\u0107 podniesie gor\u0105ca herbata podana w unikalnych czarkach.<br \/>\nCzekamy i zapraszamy do Pracowni Rze\u017aby i Ceramiki w Gliwicach na ul. Ziemowita1<\/p>\n<p>Termin<strong>: <\/strong><strong> 13.02.2011 (niedziela) w godz. 16 do 20<br \/>\n14.02.2011(poniedzia\u0142ek) w godz. 15 do17 i 18 do 20<\/strong><\/p>\n<p><strong><br \/>\n<\/strong> Jak by\u0142o w roku 2009 mo\u017cna zobaczy\u0107 \u00a0&#8211; zachowa\u0142 si\u0119 \u00a0filmik:<\/p>\n<p><!-- This is the embed code for the Vimeo video your entered into the manual entry box, please delete this code to remove the video --><\/p>\n<p><object classid=\"clsid:d27cdb6e-ae6d-11cf-96b8-444553540000\" width=\"450\" height=\"100\" codebase=\"http:\/\/download.macromedia.com\/pub\/shockwave\/cabs\/flash\/swflash.cab#version=6,0,40,0\"><param name=\"data\" value=\"http:\/\/vimeo.com\/moogaloop.swf?clip_id=3929922&amp;server=vimeo.com&amp;show_title=1&amp;show_byline=&amp;show_portrait=&amp;color=&amp;fullscreen=\" \/><param name=\"allowfullscreen\" value=\"true\" \/><param name=\"allowscriptaccess\" value=\"always\" \/><param name=\"src\" value=\"http:\/\/vimeo.com\/moogaloop.swf?clip_id=3929922&amp;server=vimeo.com&amp;show_title=1&amp;show_byline=&amp;show_portrait=&amp;color=&amp;fullscreen=\" \/><embed type=\"application\/x-shockwave-flash\" width=\"450\" height=\"100\" src=\"http:\/\/vimeo.com\/moogaloop.swf?clip_id=3929922&amp;server=vimeo.com&amp;show_title=1&amp;show_byline=&amp;show_portrait=&amp;color=&amp;fullscreen=\" allowscriptaccess=\"always\" allowfullscreen=\"true\" data=\"http:\/\/vimeo.com\/moogaloop.swf?clip_id=3929922&amp;server=vimeo.com&amp;show_title=1&amp;show_byline=&amp;show_portrait=&amp;color=&amp;fullscreen=\"><\/embed><\/object><\/p>\n<p><!-- The Embed code for the Vimeo video ends here --><\/p>\n","protected":false},"excerpt":{"rendered":"<p>To ju\u017c tradycja. W dniu 13 i 14 lutego zapraszamy zakochanych, tych szcz\u0119\u015bliwie i nieszcz\u0119\u015bliwie, na dwa wieczory po\u0142\u0105czone z tworzeniem magicznych form z gliny. Uniesienia mi\u0142osne zawsze sprzyja\u0142y inwencji tw\u00f3rczej. a stworzone wsp\u00f3lnie ceramiczne pami\u0105tki posiadaj\u0105 moc afrodyzjak\u00f3w dla bliskiej nam osoby. T\u0142o oryginalnego wieczoru zapewni artystyczny klimat naszej pracowni a temperatur\u0119 uczu\u0107 podniesie&#8230;<\/p>\n","protected":false},"author":1,"featured_media":0,"comment_status":"open","ping_status":"open","sticky":false,"template":"","format":"standard","meta":{"_uag_custom_page_level_css":"","_kadence_starter_templates_imported_post":false,"_kad_post_transparent":"","_kad_post_title":"","_kad_post_layout":"","_kad_post_sidebar_id":"","_kad_post_content_style":"","_kad_post_vertical_padding":"","_kad_post_feature":"","_kad_post_feature_position":"","_kad_post_header":false,"_kad_post_footer":false,"_kad_post_classname":"","footnotes":""},"categories":[4,8],"tags":[],"class_list":["post-805","post","type-post","status-publish","format-standard","hentry","category-dzialania","category-pracownia"],"uagb_featured_image_src":{"full":false,"thumbnail":false,"medium":false,"medium_large":false,"large":false,"1536x1536":false,"2048x2048":false},"uagb_author_info":{"display_name":"zkm","author_link":"https:\/\/s.cuforum.pl\/?author=1"},"uagb_comment_info":0,"uagb_excerpt":"To ju\u017c tradycja. W dniu 13 i 14 lutego zapraszamy zakochanych, tych szcz\u0119\u015bliwie i nieszcz\u0119\u015bliwie, na dwa wieczory po\u0142\u0105czone z tworzeniem magicznych form z gliny. Uniesienia mi\u0142osne zawsze sprzyja\u0142y inwencji tw\u00f3rczej. a stworzone wsp\u00f3lnie ceramiczne pami\u0105tki posiadaj\u0105 moc afrodyzjak\u00f3w dla bliskiej nam osoby. T\u0142o oryginalnego wieczoru zapewni artystyczny klimat naszej pracowni a temperatur\u0119 uczu\u0107 podniesie...","_links":{"self":[{"href":"https:\/\/s.cuforum.pl\/index.php?rest_route=\/wp\/v2\/posts\/805","targetHints":{"allow":["GET"]}}],"collection":[{"href":"https:\/\/s.cuforum.pl\/index.php?rest_route=\/wp\/v2\/posts"}],"about":[{"href":"https:\/\/s.cuforum.pl\/index.php?rest_route=\/wp\/v2\/types\/post"}],"author":[{"embeddable":true,"href":"https:\/\/s.cuforum.pl\/index.php?rest_route=\/wp\/v2\/users\/1"}],"replies":[{"embeddable":true,"href":"https:\/\/s.cuforum.pl\/index.php?rest_route=%2Fwp%2Fv2%2Fcomments&post=805"}],"version-history":[{"count":1,"href":"https:\/\/s.cuforum.pl\/index.php?rest_route=\/wp\/v2\/posts\/805\/revisions"}],"predecessor-version":[{"id":894,"href":"https:\/\/s.cuforum.pl\/index.php?rest_route=\/wp\/v2\/posts\/805\/revisions\/894"}],"wp:attachment":[{"href":"https:\/\/s.cuforum.pl\/index.php?rest_route=%2Fwp%2Fv2%2Fmedia&parent=805"}],"wp:term":[{"taxonomy":"category","embeddable":true,"href":"https:\/\/s.cuforum.pl\/index.php?rest_route=%2Fwp%2Fv2%2Fcategories&post=805"},{"taxonomy":"post_tag","embeddable":true,"href":"https:\/\/s.cuforum.pl\/index.php?rest_route=%2Fwp%2Fv2%2Ftags&post=805"}],"curies":[{"name":"wp","href":"https:\/\/api.w.org\/{rel}","templated":true}]}}